{"id":844,"date":"2020-03-11T14:02:52","date_gmt":"2020-03-11T14:02:52","guid":{"rendered":"http:\/\/biopesca.org.br\/noticias\/?p=844"},"modified":"2020-03-11T14:02:52","modified_gmt":"2020-03-11T14:02:52","slug":"garca-e-solta-depois-de-reabilitada","status":"publish","type":"post","link":"http:\/\/biopesca.org.br\/noticias\/garca-e-solta-depois-de-reabilitada\/","title":{"rendered":"Gar\u00e7a \u00e9 solta depois de reabilitada"},"content":{"rendered":"<p>11\/02\/2020<\/p>\n<p>Uma gar\u00e7a (<em>Bubulcus ibis<\/em>) voltou \u00e0 natureza no dia 7 de fevereiro depois de ser reabilitada pela equipe do Instituto Biopesca. Ela chegou \u00e0 sede da organiza\u00e7\u00e3o magra, debilitada e com uma infec\u00e7\u00e3o, problemas sanados em aproximadamente 15 dias com tratamento veterin\u00e1rio adequado. Depois de anilhada, procedimento realizado em parceria com a Aiuk\u00e1 Consultoria em Solu\u00e7\u00f5es Ambientais, a ave foi solta em Mongagu\u00e1, perto do local onde foi resgatada.<\/p>\n<p>\u201cO desenvolvimento urbano, sem um planejamento para manuten\u00e7\u00e3o e melhoria da qualidade ambiental e ainda aliado aos diversos impactos causados por a\u00e7\u00f5es antr\u00f3picas, tem causado in\u00fameros preju\u00edzos ao meio ambiente, como danos \u00e0 sa\u00fade da fauna. Esse contexto pode explicar a m\u00e1 condi\u00e7\u00e3o cl\u00ednica da gar\u00e7a reabilitada pela nossa equipe\u201d,\u00a0 explica o m\u00e9dico veterin\u00e1rio Rodrigo Valle, coordenador geral do Biopesca.<\/p>\n<p>\u201cA fauna impactada dessa forma fica debilitada e acaba morrendo se n\u00e3o for resgatada e tratada a tempo. Alguns problemas relacionados a essa situa\u00e7\u00e3o s\u00e3o perda de habitat, diminui\u00e7\u00e3o na disponibilidade de alimentos ou maior dificuldade na obten\u00e7\u00e3o dos mesmos e contato com agentes t\u00f3xicos e res\u00edduos s\u00f3lidos, que causam impacto na sa\u00fade levando, por exemplo, \u00e0 desnutri\u00e7\u00e3o e diminui\u00e7\u00e3o da imunidade\u201d.<\/p>\n<div style=\"width: 640px;\" class=\"wp-video\"><video class=\"wp-video-shortcode\" id=\"video-844-1\" width=\"640\" height=\"360\" preload=\"metadata\" controls=\"controls\"><source type=\"video\/mp4\" src=\"http:\/\/biopesca.org.br\/noticias\/wp-content\/uploads\/2020\/03\/SolturaGar\u00e7a_ComMusica.mp4?_=1\" \/><a href=\"http:\/\/biopesca.org.br\/noticias\/wp-content\/uploads\/2020\/03\/SolturaGar\u00e7a_ComMusica.mp4\">http:\/\/biopesca.org.br\/noticias\/wp-content\/uploads\/2020\/03\/SolturaGar\u00e7a_ComMusica.mp4<\/a><\/video><\/div>\n","protected":false},"excerpt":{"rendered":"<p>11\/02\/2020 Uma gar\u00e7a (Bubulcus ibis) voltou \u00e0 natureza no dia 7 de fevereiro depois de ser reabilitada pela equipe do Instituto Biopesca. Ela chegou \u00e0 sede da organiza\u00e7\u00e3o magra, debilitada e com uma infec\u00e7\u00e3o, problemas sanados em aproximadamente 15 dias com tratamento veterin\u00e1rio adequado. Depois de anilhada, procedimento realizado em parceria com a Aiuk\u00e1 Consultoria em Solu\u00e7\u00f5es Ambientais, a ave foi solta em Mongagu\u00e1, perto <span class=\"ellipsis\">&hellip;<\/span> <span class=\"more-link-wrap\"><a href=\"http:\/\/biopesca.org.br\/noticias\/garca-e-solta-depois-de-reabilitada\/\" class=\"more-link\"><span>Saiba mais &rarr;<\/span><\/a><\/span><\/p>\n","protected":false},"author":3,"featured_media":0,"comment_status":"open","ping_status":"open","sticky":false,"template":"","format":"standard","meta":{"footnotes":""},"categories":[5],"tags":[],"class_list":["post-844","post","type-post","status-publish","format-standard","hentry","category-noticia"],"_links":{"self":[{"href":"http:\/\/biopesca.org.br\/noticias\/wp-json\/wp\/v2\/posts\/844","targetHints":{"allow":["GET"]}}],"collection":[{"href":"http:\/\/biopesca.org.br\/noticias\/wp-json\/wp\/v2\/posts"}],"about":[{"href":"http:\/\/biopesca.org.br\/noticias\/wp-json\/wp\/v2\/types\/post"}],"author":[{"embeddable":true,"href":"http:\/\/biopesca.org.br\/noticias\/wp-json\/wp\/v2\/users\/3"}],"replies":[{"embeddable":true,"href":"http:\/\/biopesca.org.br\/noticias\/wp-json\/wp\/v2\/comments?post=844"}],"version-history":[{"count":1,"href":"http:\/\/biopesca.org.br\/noticias\/wp-json\/wp\/v2\/posts\/844\/revisions"}],"predecessor-version":[{"id":846,"href":"http:\/\/biopesca.org.br\/noticias\/wp-json\/wp\/v2\/posts\/844\/revisions\/846"}],"wp:attachment":[{"href":"http:\/\/biopesca.org.br\/noticias\/wp-json\/wp\/v2\/media?parent=844"}],"wp:term":[{"taxonomy":"category","embeddable":true,"href":"http:\/\/biopesca.org.br\/noticias\/wp-json\/wp\/v2\/categories?post=844"},{"taxonomy":"post_tag","embeddable":true,"href":"http:\/\/biopesca.org.br\/noticias\/wp-json\/wp\/v2\/tags?post=844"}],"curies":[{"name":"wp","href":"https:\/\/api.w.org\/{rel}","templated":true}]}}