{"id":678,"date":"2019-07-24T13:42:28","date_gmt":"2019-07-24T13:42:28","guid":{"rendered":"http:\/\/biopesca.org.br\/noticias\/?p=678"},"modified":"2019-08-27T14:08:16","modified_gmt":"2019-08-27T14:08:16","slug":"terceiro-pinguim-do-ano-e-estabilizado","status":"publish","type":"post","link":"http:\/\/biopesca.org.br\/noticias\/terceiro-pinguim-do-ano-e-estabilizado\/","title":{"rendered":"Terceiro pinguim do ano \u00e9 estabilizado"},"content":{"rendered":"<p>24\/07\/2019<\/p>\n<p>Mais um pinguim-de-Magalh\u00e3es (Spheniscus magellanicus) foi estabilizado com sucesso pelo Instituto Biopesca. Ele foi resgatado no dia 13 de julho durante execu\u00e7\u00e3o do Projeto de Monitoramento de Praias da Bacia de Santos (PMP-BS) em Praia Grande (SP).<\/p>\n<p>Esse \u00e9 o terceiro pinguim a encalhar em 2019 na \u00e1rea de atua\u00e7\u00e3o da institui\u00e7\u00e3o. O per\u00edodo de migra\u00e7\u00e3o da esp\u00e9cie ocorre no inverno, quando saem das \u00e1guas mais frias das Ilhas Malvinas e da costa da Argentina e do Chile\u00a0<span class=\"text_exposed_show\">rumo ao sul e sudeste brasileiro em busca de alimento.<\/span><\/p>\n<p><span class=\"text_exposed_show\">De acordo com a veterin\u00e1ria Vanessa Ribeiro, o animal chegou desnutrido e com uma les\u00e3o na asa esquerda. \u201cCome\u00e7amos o tratamento com alimenta\u00e7\u00e3o hipercal\u00f3rica, enriquecida com suplementos para que ele ganhasse peso, e estimulamos movimentos com a asa machucada. Agora, ele j\u00e1 est\u00e1 comendo peixes e nadando melhor\u201d, explica a veterin\u00e1ria.<\/span><\/p>\n<p><span class=\"text_exposed_show\">Ontem (23), o pinguim seguiu para reabilita\u00e7\u00e3o no Centro de Despetroliza\u00e7\u00e3o e Reabilita\u00e7\u00e3o do Guaruj\u00e1 para continuar recebendo cuidados e, muito provavelmente, voltar ao ambiente natural.<\/span><\/p>\n<p><span class=\"text_exposed_show\">O Instituto Biopesca \u00e9 uma das institui\u00e7\u00f5es executoras do PMP-BS, atividade desenvolvida para o atendimento de condicionante do licenciamento ambiental federal das atividades da Petrobras de produ\u00e7\u00e3o e escoamento de petr\u00f3leo e g\u00e1s natural no Polo Pr\u00e9-Sal da Bacia de Santos, conduzido pelo Ibama.<\/span><\/p>\n<p><span class=\"text_exposed_show\">Esse projeto tem como objetivo avaliar os poss\u00edveis impactos das atividades de produ\u00e7\u00e3o e escoamento de petr\u00f3leo sobre as aves, tartarugas e mam\u00edferos marinhos, por meio do monitoramento das praias e do atendimento veterin\u00e1rio aos animais vivos e necropsia dos animais encontrados mortos. O projeto \u00e9 realizado desde Laguna\/SC at\u00e9 Saquarema\/RJ, sendo dividido em 15 trechos. O Instituto Biopesca monitora o Trecho 8, compreendido entre Peru\u00edbe e Praia Grande.<\/span><\/p>\n<p><span class=\"text_exposed_show\">Para acionar o servi\u00e7o de resgate de golfinhos, tartarugas e aves marinhas, entre em contato pelos telefones 0800 642 3341 (hor\u00e1rio comercial) ou (13) 99601-2570 (WhatsApp e chamada a cobrar).<\/span><\/p>\n<p>Foto: Kaio Nunes\/Instituto Biopesca<\/p>\n<div id=\"attachment_680\" style=\"width: 650px\" class=\"wp-caption alignnone\"><a href=\"http:\/\/biopesca.org.br\/noticias\/wp-content\/uploads\/2019\/07\/reduzida-1.jpg\"><img loading=\"lazy\" decoding=\"async\" aria-describedby=\"caption-attachment-680\" class=\"size-large wp-image-680\" src=\"http:\/\/biopesca.org.br\/noticias\/wp-content\/uploads\/2019\/07\/reduzida-1-683x1024.jpg\" alt=\"\" width=\"640\" height=\"960\" srcset=\"http:\/\/biopesca.org.br\/noticias\/wp-content\/uploads\/2019\/07\/reduzida-1-683x1024.jpg 683w, http:\/\/biopesca.org.br\/noticias\/wp-content\/uploads\/2019\/07\/reduzida-1-200x300.jpg 200w, http:\/\/biopesca.org.br\/noticias\/wp-content\/uploads\/2019\/07\/reduzida-1-768x1152.jpg 768w\" sizes=\"auto, (max-width: 640px) 100vw, 640px\" \/><\/a><p id=\"caption-attachment-680\" class=\"wp-caption-text\">Este \u00e9 o terceiro pinguim-de-Magalh\u00e3es atendido pelo Instituto Biopesca em 2019<\/p><\/div>\n","protected":false},"excerpt":{"rendered":"<p>24\/07\/2019 Mais um pinguim-de-Magalh\u00e3es (Spheniscus magellanicus) foi estabilizado com sucesso pelo Instituto Biopesca. Ele foi resgatado no dia 13 de julho durante execu\u00e7\u00e3o do Projeto de Monitoramento de Praias da Bacia de Santos (PMP-BS) em Praia Grande (SP). Esse \u00e9 o terceiro pinguim a encalhar em 2019 na \u00e1rea de atua\u00e7\u00e3o da institui\u00e7\u00e3o. O per\u00edodo de migra\u00e7\u00e3o da esp\u00e9cie ocorre no inverno, quando saem das <span class=\"ellipsis\">&hellip;<\/span> <span class=\"more-link-wrap\"><a href=\"http:\/\/biopesca.org.br\/noticias\/terceiro-pinguim-do-ano-e-estabilizado\/\" class=\"more-link\"><span>Saiba mais &rarr;<\/span><\/a><\/span><\/p>\n","protected":false},"author":3,"featured_media":684,"comment_status":"open","ping_status":"open","sticky":false,"template":"","format":"standard","meta":{"footnotes":""},"categories":[46],"tags":[],"class_list":["post-678","post","type-post","status-publish","format-standard","has-post-thumbnail","hentry","category-estabilizacao"],"_links":{"self":[{"href":"http:\/\/biopesca.org.br\/noticias\/wp-json\/wp\/v2\/posts\/678","targetHints":{"allow":["GET"]}}],"collection":[{"href":"http:\/\/biopesca.org.br\/noticias\/wp-json\/wp\/v2\/posts"}],"about":[{"href":"http:\/\/biopesca.org.br\/noticias\/wp-json\/wp\/v2\/types\/post"}],"author":[{"embeddable":true,"href":"http:\/\/biopesca.org.br\/noticias\/wp-json\/wp\/v2\/users\/3"}],"replies":[{"embeddable":true,"href":"http:\/\/biopesca.org.br\/noticias\/wp-json\/wp\/v2\/comments?post=678"}],"version-history":[{"count":3,"href":"http:\/\/biopesca.org.br\/noticias\/wp-json\/wp\/v2\/posts\/678\/revisions"}],"predecessor-version":[{"id":682,"href":"http:\/\/biopesca.org.br\/noticias\/wp-json\/wp\/v2\/posts\/678\/revisions\/682"}],"wp:featuredmedia":[{"embeddable":true,"href":"http:\/\/biopesca.org.br\/noticias\/wp-json\/wp\/v2\/media\/684"}],"wp:attachment":[{"href":"http:\/\/biopesca.org.br\/noticias\/wp-json\/wp\/v2\/media?parent=678"}],"wp:term":[{"taxonomy":"category","embeddable":true,"href":"http:\/\/biopesca.org.br\/noticias\/wp-json\/wp\/v2\/categories?post=678"},{"taxonomy":"post_tag","embeddable":true,"href":"http:\/\/biopesca.org.br\/noticias\/wp-json\/wp\/v2\/tags?post=678"}],"curies":[{"name":"wp","href":"https:\/\/api.w.org\/{rel}","templated":true}]}}