{"id":667,"date":"2019-07-17T14:34:29","date_gmt":"2019-07-17T14:34:29","guid":{"rendered":"http:\/\/biopesca.org.br\/noticias\/?p=667"},"modified":"2019-08-23T14:39:04","modified_gmt":"2019-08-23T14:39:04","slug":"instituto-biopesca-participa-de-congresso-brasileiro-de-patologia-veterinaria","status":"publish","type":"post","link":"http:\/\/biopesca.org.br\/noticias\/instituto-biopesca-participa-de-congresso-brasileiro-de-patologia-veterinaria\/","title":{"rendered":"Trabalhos do Biopesca s\u00e3o apresentados em congresso brasileiro"},"content":{"rendered":"<p>17\/07\/2019<\/p>\n<p>O Instituto Biopesca est\u00e1 presente no 5\u00ba Congresso Brasileiro de Patologia Veterin\u00e1ria, apresentando tr\u00eas trabalhos relacionados a animais marinhos atendidos pela organiza\u00e7\u00e3o.<br \/>\n\u2800\u2800\u2800\u2800\u2800\u2800\u2800\u2800\u2800<br \/>\nO evento \u00e9 promovido pela ABPV \u2013 Associa\u00e7\u00e3o Brasileira de Patologia Veterin\u00e1ria. As veterin\u00e1rias Giovanna Taccani e Isabella Boaventura (\u00e0 direita) est\u00e3o explicando os casos de um atob\u00e1-pardo (Sula leucogaster) com suspeita de trauma, bobos-pequenos (Puffinus puffinus) com infec\u00e7\u00e3o por renico<span class=\"text_exposed_show\">la (parasita) e as principais altera\u00e7\u00f5es patol\u00f3gicas em atob\u00e1s-pardo no litoral Centro-Sul de S\u00e3o Paulo.<br \/>\n\u2800\u2800\u2800\u2800\u2800\u2800\u2800\u2800\u2800<br \/>\nO Congresso teve in\u00edcio na \u00faltima segunda-feira (15) e ser\u00e1 encerrado amanh\u00e3. Essa edi\u00e7\u00e3o ocorre no Centro de Conven\u00e7\u00f5es de Ribeir\u00e3o Preto (SP).<\/span><\/p>\n<div id=\"attachment_668\" style=\"width: 650px\" class=\"wp-caption alignnone\"><a href=\"http:\/\/biopesca.org.br\/noticias\/wp-content\/uploads\/2019\/08\/67539169_3142953249063055_2131710685548118016_o-1.jpg\"><img loading=\"lazy\" decoding=\"async\" aria-describedby=\"caption-attachment-668\" class=\"size-large wp-image-668\" src=\"http:\/\/biopesca.org.br\/noticias\/wp-content\/uploads\/2019\/08\/67539169_3142953249063055_2131710685548118016_o-1-1024x997.jpg\" alt=\"\" width=\"640\" height=\"623\" srcset=\"http:\/\/biopesca.org.br\/noticias\/wp-content\/uploads\/2019\/08\/67539169_3142953249063055_2131710685548118016_o-1-1024x997.jpg 1024w, http:\/\/biopesca.org.br\/noticias\/wp-content\/uploads\/2019\/08\/67539169_3142953249063055_2131710685548118016_o-1-300x292.jpg 300w, http:\/\/biopesca.org.br\/noticias\/wp-content\/uploads\/2019\/08\/67539169_3142953249063055_2131710685548118016_o-1-768x747.jpg 768w, http:\/\/biopesca.org.br\/noticias\/wp-content\/uploads\/2019\/08\/67539169_3142953249063055_2131710685548118016_o-1.jpg 1080w\" sizes=\"auto, (max-width: 640px) 100vw, 640px\" \/><\/a><p id=\"caption-attachment-668\" class=\"wp-caption-text\">As veterin\u00e1rias Giovanna Taccani (\u00e0 esq.) e Isabella Boaventura apresentaram tr\u00eas trabalhos relacionados a animais marinhos<\/p><\/div>\n","protected":false},"excerpt":{"rendered":"<p>17\/07\/2019 O Instituto Biopesca est\u00e1 presente no 5\u00ba Congresso Brasileiro de Patologia Veterin\u00e1ria, apresentando tr\u00eas trabalhos relacionados a animais marinhos atendidos pela organiza\u00e7\u00e3o. \u2800\u2800\u2800\u2800\u2800\u2800\u2800\u2800\u2800 O evento \u00e9 promovido pela ABPV \u2013 Associa\u00e7\u00e3o Brasileira de Patologia Veterin\u00e1ria. As veterin\u00e1rias Giovanna Taccani e Isabella Boaventura (\u00e0 direita) est\u00e3o explicando os casos de um atob\u00e1-pardo (Sula leucogaster) com suspeita de trauma, bobos-pequenos (Puffinus puffinus) com infec\u00e7\u00e3o por renicola <span class=\"ellipsis\">&hellip;<\/span> <span class=\"more-link-wrap\"><a href=\"http:\/\/biopesca.org.br\/noticias\/instituto-biopesca-participa-de-congresso-brasileiro-de-patologia-veterinaria\/\" class=\"more-link\"><span>Saiba mais &rarr;<\/span><\/a><\/span><\/p>\n","protected":false},"author":3,"featured_media":0,"comment_status":"open","ping_status":"open","sticky":false,"template":"","format":"standard","meta":{"footnotes":""},"categories":[5],"tags":[],"class_list":["post-667","post","type-post","status-publish","format-standard","hentry","category-noticia"],"_links":{"self":[{"href":"http:\/\/biopesca.org.br\/noticias\/wp-json\/wp\/v2\/posts\/667","targetHints":{"allow":["GET"]}}],"collection":[{"href":"http:\/\/biopesca.org.br\/noticias\/wp-json\/wp\/v2\/posts"}],"about":[{"href":"http:\/\/biopesca.org.br\/noticias\/wp-json\/wp\/v2\/types\/post"}],"author":[{"embeddable":true,"href":"http:\/\/biopesca.org.br\/noticias\/wp-json\/wp\/v2\/users\/3"}],"replies":[{"embeddable":true,"href":"http:\/\/biopesca.org.br\/noticias\/wp-json\/wp\/v2\/comments?post=667"}],"version-history":[{"count":3,"href":"http:\/\/biopesca.org.br\/noticias\/wp-json\/wp\/v2\/posts\/667\/revisions"}],"predecessor-version":[{"id":671,"href":"http:\/\/biopesca.org.br\/noticias\/wp-json\/wp\/v2\/posts\/667\/revisions\/671"}],"wp:attachment":[{"href":"http:\/\/biopesca.org.br\/noticias\/wp-json\/wp\/v2\/media?parent=667"}],"wp:term":[{"taxonomy":"category","embeddable":true,"href":"http:\/\/biopesca.org.br\/noticias\/wp-json\/wp\/v2\/categories?post=667"},{"taxonomy":"post_tag","embeddable":true,"href":"http:\/\/biopesca.org.br\/noticias\/wp-json\/wp\/v2\/tags?post=667"}],"curies":[{"name":"wp","href":"https:\/\/api.w.org\/{rel}","templated":true}]}}