{"id":602,"date":"2019-05-07T15:12:19","date_gmt":"2019-05-07T15:12:19","guid":{"rendered":"http:\/\/biopesca.org.br\/noticias\/?p=602"},"modified":"2019-05-08T13:02:35","modified_gmt":"2019-05-08T13:02:35","slug":"pinguim-e-estabilizado-na-unidade-de-estabilizacao-do-biopesca","status":"publish","type":"post","link":"http:\/\/biopesca.org.br\/noticias\/pinguim-e-estabilizado-na-unidade-de-estabilizacao-do-biopesca\/","title":{"rendered":"Pinguim vivo \u00e9 resgatado pelo Instituto Biopesca"},"content":{"rendered":"<p>07\/05\/2019<\/p>\n<p>Um pinguim-de-magalh\u00e3es (Spheniscus magellanicus) vivo foi resgatado da faixa de areia de Itanha\u00e9m (SP) pelo Instituto Biopesca durante execu\u00e7\u00e3o do Projeto de Monitoramento de Praias da Bacia de Santos (PMP-BS), na \u00faltima quarta-feira (1). Este \u00e9 o primeiro pinguim a aparecer na \u00e1rea de atua\u00e7\u00e3o da institui\u00e7\u00e3o neste ano.<\/p>\n<p>De acordo com a m\u00e9dica veterin\u00e1ria Pryscilla Maracini, do Biopesca, o animal est\u00e1 abaixo do peso, desidratado e com baixa temperatura corporal. \u201cO per\u00edodo de migra\u00e7\u00e3o deles acabou de come\u00e7ar. Saem da Argentina em dire\u00e7\u00e3o ao sudeste brasileiro em busca de alimento (peixes, lulas e crust\u00e1ceos) e acabam n\u00e3o aguentando a viagem, por isso encalham\u201d, explica a veterin\u00e1ria.<\/p>\n<p>Na Unidade de Estabiliza\u00e7\u00e3o do Biopesca, em Praia Grande, o tratamento consiste em alimenta\u00e7\u00e3o hipercal\u00f3rica com suplementos, soro na veia, e aquecimento do animal com l\u00e2mpada infravermelha, para reverter os quadros de desnutri\u00e7\u00e3o, desidrata\u00e7\u00e3o e hipotermia, respectivamente.<\/p>\n<p>Ap\u00f3s ser considerado est\u00e1vel, o pinguim ser\u00e1 reabilitado e solto.<\/p>\n<p>O Projeto de Monitoramento de Praias da Bacia de Santos (PMP-BS) \u00e9 uma atividade desenvolvida para o atendimento de condicionante do licenciamento ambiental federal das atividades da Petrobras de produ\u00e7\u00e3o e escoamento de petr\u00f3leo e g\u00e1s natural no Polo Pr\u00e9-Sal da Bacia de Santos, conduzido pelo Ibama.<\/p>\n<p>Esse projeto tem como objetivo avaliar os poss\u00edveis impactos das atividades de produ\u00e7\u00e3o e escoamento de petr\u00f3leo sobre as aves, tartarugas e mam\u00edferos marinhos, atrav\u00e9s do monitoramento das praias e do atendimento veterin\u00e1rio aos animais vivos e necropsia dos animais encontrados mortos.<\/p>\n<p>Para acionar o servi\u00e7o de resgate de golfinhos, tartarugas e aves marinhas, entre em contato pelos telefones (13) 99601-2570 (chamada a cobrar ou pelo WhatsApp) ou 0800 642 3341 (hor\u00e1rio comercial).<\/p>\n<p>Foto: Kaio Nunes\/Instituto Biopesca<\/p>\n<div id=\"attachment_603\" style=\"width: 650px\" class=\"wp-caption alignnone\"><a href=\"http:\/\/biopesca.org.br\/noticias\/wp-content\/uploads\/2019\/05\/reduzida-1.jpg\"><img loading=\"lazy\" decoding=\"async\" aria-describedby=\"caption-attachment-603\" class=\"size-large wp-image-603\" src=\"http:\/\/biopesca.org.br\/noticias\/wp-content\/uploads\/2019\/05\/reduzida-1-1024x683.jpg\" alt=\"\" width=\"640\" height=\"427\" srcset=\"http:\/\/biopesca.org.br\/noticias\/wp-content\/uploads\/2019\/05\/reduzida-1-1024x683.jpg 1024w, http:\/\/biopesca.org.br\/noticias\/wp-content\/uploads\/2019\/05\/reduzida-1-300x200.jpg 300w, http:\/\/biopesca.org.br\/noticias\/wp-content\/uploads\/2019\/05\/reduzida-1-768x512.jpg 768w\" sizes=\"auto, (max-width: 640px) 100vw, 640px\" \/><\/a><p id=\"caption-attachment-603\" class=\"wp-caption-text\">A l\u00e2mpada infravermelha e o aquecedor s\u00e3o utilizados para elevar a temperatura comporal dos animais em estabiliza\u00e7\u00e3o no Instituto Biopesca<\/p><\/div>\n","protected":false},"excerpt":{"rendered":"<p>07\/05\/2019 Um pinguim-de-magalh\u00e3es (Spheniscus magellanicus) vivo foi resgatado da faixa de areia de Itanha\u00e9m (SP) pelo Instituto Biopesca durante execu\u00e7\u00e3o do Projeto de Monitoramento de Praias da Bacia de Santos (PMP-BS), na \u00faltima quarta-feira (1). Este \u00e9 o primeiro pinguim a aparecer na \u00e1rea de atua\u00e7\u00e3o da institui\u00e7\u00e3o neste ano. De acordo com a m\u00e9dica veterin\u00e1ria Pryscilla Maracini, do Biopesca, o animal est\u00e1 abaixo do <span class=\"ellipsis\">&hellip;<\/span> <span class=\"more-link-wrap\"><a href=\"http:\/\/biopesca.org.br\/noticias\/pinguim-e-estabilizado-na-unidade-de-estabilizacao-do-biopesca\/\" class=\"more-link\"><span>Saiba mais &rarr;<\/span><\/a><\/span><\/p>\n","protected":false},"author":4,"featured_media":0,"comment_status":"open","ping_status":"open","sticky":false,"template":"","format":"standard","meta":{"footnotes":""},"categories":[46],"tags":[],"class_list":["post-602","post","type-post","status-publish","format-standard","hentry","category-estabilizacao"],"_links":{"self":[{"href":"http:\/\/biopesca.org.br\/noticias\/wp-json\/wp\/v2\/posts\/602","targetHints":{"allow":["GET"]}}],"collection":[{"href":"http:\/\/biopesca.org.br\/noticias\/wp-json\/wp\/v2\/posts"}],"about":[{"href":"http:\/\/biopesca.org.br\/noticias\/wp-json\/wp\/v2\/types\/post"}],"author":[{"embeddable":true,"href":"http:\/\/biopesca.org.br\/noticias\/wp-json\/wp\/v2\/users\/4"}],"replies":[{"embeddable":true,"href":"http:\/\/biopesca.org.br\/noticias\/wp-json\/wp\/v2\/comments?post=602"}],"version-history":[{"count":2,"href":"http:\/\/biopesca.org.br\/noticias\/wp-json\/wp\/v2\/posts\/602\/revisions"}],"predecessor-version":[{"id":607,"href":"http:\/\/biopesca.org.br\/noticias\/wp-json\/wp\/v2\/posts\/602\/revisions\/607"}],"wp:attachment":[{"href":"http:\/\/biopesca.org.br\/noticias\/wp-json\/wp\/v2\/media?parent=602"}],"wp:term":[{"taxonomy":"category","embeddable":true,"href":"http:\/\/biopesca.org.br\/noticias\/wp-json\/wp\/v2\/categories?post=602"},{"taxonomy":"post_tag","embeddable":true,"href":"http:\/\/biopesca.org.br\/noticias\/wp-json\/wp\/v2\/tags?post=602"}],"curies":[{"name":"wp","href":"https:\/\/api.w.org\/{rel}","templated":true}]}}