{"id":163,"date":"2017-12-29T15:39:04","date_gmt":"2017-12-29T15:39:04","guid":{"rendered":"http:\/\/biopesca.org.br\/noticias\/?p=163"},"modified":"2018-01-02T15:24:09","modified_gmt":"2018-01-02T15:24:09","slug":"novo-espaco-de-educacao-ambiental-e-inaugurado-em-peruibe","status":"publish","type":"post","link":"http:\/\/biopesca.org.br\/noticias\/novo-espaco-de-educacao-ambiental-e-inaugurado-em-peruibe\/","title":{"rendered":"Novo espa\u00e7o de educa\u00e7\u00e3o ambiental \u00e9 inaugurado em Peru\u00edbe"},"content":{"rendered":"<p>29\/12\/2017<\/p>\n<p>O Instituto Biopesca inaugura mais um espa\u00e7o de Educa\u00e7\u00e3o Ambiental, dessa vez em parceria com a Prefeitura Municipal de Peru\u00edbe. O an\u00fancio desse novo servi\u00e7o ser\u00e1 feito amanh\u00e3, s\u00e1bado (30) durante o lan\u00e7amento da campanha Peru\u00edbe Sustent\u00e1vel \u2013 Ecoa\u00e7\u00e3o Ver\u00e3o, que ocorrer\u00e1 das 8h \u00e0s 12h, na praia do Centro, em frente ao Aqu\u00e1rio.<\/p>\n<p>O novo espa\u00e7o estar\u00e1 aberto das 9h \u00e0s 17h a partir do dia 4 e abrigar\u00e1 material informativo e biol\u00f3gico a respeito de seres marinhos e das atividades do Biopesca, com a finalidade de sensibilizar o p\u00fablico\u00a0 em geral para a import\u00e2ncia da conserva\u00e7\u00e3o marinha. O acervo biol\u00f3gico inclui cr\u00e2nios de tartarugas marinhas \u2013 a exemplo de tartaruga-verde (<em>Chelonia mydas<\/em>) e tartaruga-cabe\u00e7uda (<em>Caretta caretta<\/em>) \u2013 e ossos de baleia, al\u00e9m de banners explicativos. Um monitor estar\u00e1 \u00e0 disposi\u00e7\u00e3o do p\u00fablico para guiar as visitas.<\/p>\n<p>A educa\u00e7\u00e3o ambiental \u00e9 uma das principais atividades do Biopesca, que promove a\u00e7\u00f5es com essa finalidade ou participa de iniciativas de outras entidades. A organiza\u00e7\u00e3o ainda mant\u00e9m uma sala de Educa\u00e7\u00e3o Ambiental em parceria com a Prefeitura Municipal de Praia Grande.\u00a0 O total de pessoas que participaram de eventos de educa\u00e7\u00e3o ambiental e visitaram a salinha desde 2014 j\u00e1 chega a 34 mil.<\/p>\n<p>O novo espa\u00e7o do Biopesca fica no Departamento de Agricultura e Meio Ambiente, na avenida Dr. Mario Covas Jr., 204, Centro.<\/p>\n<p>&nbsp;<\/p>\n<blockquote>\n<div dir=\"ltr\">\n<div>\n<div class=\"m_5190518380364231023gmail_signature\">\n<div dir=\"ltr\">\n<div>\n<div dir=\"ltr\">\n<div><a href=\"http:\/\/biopesca.org.br\/noticias\/wp-content\/uploads\/2017\/12\/Educa\u00e7\u00e3oAmbiental_menor.jpg\"><img loading=\"lazy\" decoding=\"async\" class=\"alignnone size-medium wp-image-164\" src=\"http:\/\/biopesca.org.br\/noticias\/wp-content\/uploads\/2017\/12\/Educa\u00e7\u00e3oAmbiental_menor-300x200.jpg\" alt=\"\" width=\"300\" height=\"200\" srcset=\"http:\/\/biopesca.org.br\/noticias\/wp-content\/uploads\/2017\/12\/Educa\u00e7\u00e3oAmbiental_menor-300x200.jpg 300w, http:\/\/biopesca.org.br\/noticias\/wp-content\/uploads\/2017\/12\/Educa\u00e7\u00e3oAmbiental_menor-768x512.jpg 768w, http:\/\/biopesca.org.br\/noticias\/wp-content\/uploads\/2017\/12\/Educa\u00e7\u00e3oAmbiental_menor.jpg 800w\" sizes=\"auto, (max-width: 300px) 100vw, 300px\" \/><\/a><\/div>\n<\/div>\n<\/div>\n<\/div>\n<\/div>\n<\/div>\n<\/div>\n<\/blockquote>\n","protected":false},"excerpt":{"rendered":"<p>29\/12\/2017 O Instituto Biopesca inaugura mais um espa\u00e7o de Educa\u00e7\u00e3o Ambiental, dessa vez em parceria com a Prefeitura Municipal de Peru\u00edbe. O an\u00fancio desse novo servi\u00e7o ser\u00e1 feito amanh\u00e3, s\u00e1bado (30) durante o lan\u00e7amento da campanha Peru\u00edbe Sustent\u00e1vel \u2013 Ecoa\u00e7\u00e3o Ver\u00e3o, que ocorrer\u00e1 das 8h \u00e0s 12h, na praia do Centro, em frente ao Aqu\u00e1rio. O novo espa\u00e7o estar\u00e1 aberto das 9h \u00e0s 17h a <span class=\"ellipsis\">&hellip;<\/span> <span class=\"more-link-wrap\"><a href=\"http:\/\/biopesca.org.br\/noticias\/novo-espaco-de-educacao-ambiental-e-inaugurado-em-peruibe\/\" class=\"more-link\"><span>Saiba mais &rarr;<\/span><\/a><\/span><\/p>\n","protected":false},"author":3,"featured_media":0,"comment_status":"open","ping_status":"open","sticky":false,"template":"","format":"standard","meta":{"footnotes":""},"categories":[5],"tags":[],"class_list":["post-163","post","type-post","status-publish","format-standard","hentry","category-noticia"],"_links":{"self":[{"href":"http:\/\/biopesca.org.br\/noticias\/wp-json\/wp\/v2\/posts\/163","targetHints":{"allow":["GET"]}}],"collection":[{"href":"http:\/\/biopesca.org.br\/noticias\/wp-json\/wp\/v2\/posts"}],"about":[{"href":"http:\/\/biopesca.org.br\/noticias\/wp-json\/wp\/v2\/types\/post"}],"author":[{"embeddable":true,"href":"http:\/\/biopesca.org.br\/noticias\/wp-json\/wp\/v2\/users\/3"}],"replies":[{"embeddable":true,"href":"http:\/\/biopesca.org.br\/noticias\/wp-json\/wp\/v2\/comments?post=163"}],"version-history":[{"count":2,"href":"http:\/\/biopesca.org.br\/noticias\/wp-json\/wp\/v2\/posts\/163\/revisions"}],"predecessor-version":[{"id":166,"href":"http:\/\/biopesca.org.br\/noticias\/wp-json\/wp\/v2\/posts\/163\/revisions\/166"}],"wp:attachment":[{"href":"http:\/\/biopesca.org.br\/noticias\/wp-json\/wp\/v2\/media?parent=163"}],"wp:term":[{"taxonomy":"category","embeddable":true,"href":"http:\/\/biopesca.org.br\/noticias\/wp-json\/wp\/v2\/categories?post=163"},{"taxonomy":"post_tag","embeddable":true,"href":"http:\/\/biopesca.org.br\/noticias\/wp-json\/wp\/v2\/tags?post=163"}],"curies":[{"name":"wp","href":"https:\/\/api.w.org\/{rel}","templated":true}]}}