{"id":1226,"date":"2023-10-10T15:54:49","date_gmt":"2023-10-10T15:54:49","guid":{"rendered":"http:\/\/biopesca.org.br\/noticias\/?p=1226"},"modified":"2023-10-10T15:54:49","modified_gmt":"2023-10-10T15:54:49","slug":"presenca-nos-eventos-de-limpeza-de-praia","status":"publish","type":"post","link":"http:\/\/biopesca.org.br\/noticias\/presenca-nos-eventos-de-limpeza-de-praia\/","title":{"rendered":"Presen\u00e7a nos eventos de limpeza de praia"},"content":{"rendered":"<p>18\/09\/2023<\/p>\n<p>O terceiro s\u00e1bado de setembro \u00e9 celebrado anualmente como o Dia Internacional de Limpeza de Praias, iniciativa que chama a aten\u00e7\u00e3o para a import\u00e2ncia da conserva\u00e7\u00e3o dos mares e oceanos. A exemplo de anos anteriores, o Instituto Biopesca participou de duas a\u00e7\u00f5es alusivas \u00e0 data.<\/p>\n<p>Uma delas foi realizada em parceria com a Prefeitura Municipal de Praia Grande e com o C\u00e2mpus do Litoral Paulista \u2013 S\u00e3o Vicente da Unesp. Na ocasi\u00e3o, o Instituto Biopesca foi respons\u00e1vel pela organiza\u00e7\u00e3o da coleta de res\u00edduos, triagem e pesagem. Foram recolhidos quase 20 quilos de materiais diversos, principalmente diferentes tipos de pl\u00e1sticos.<\/p>\n<p>A outra a\u00e7\u00e3o foi realizada em Santos e coordenada pela Secretaria Municipal de Meio Ambiente. Na ocasi\u00e3o, a equipe de Educa\u00e7\u00e3o Ambiental apresentou o acervo biol\u00f3gico da institui\u00e7\u00e3o, como cascos de tartaruga e barbatanas de baleia. O evento foi realizado na praia do Gonzaga e reuniu diversas organiza\u00e7\u00f5es ambientais da regi\u00e3o.<\/p>\n<div id=\"attachment_1229\" style=\"width: 160px\" class=\"wp-caption alignnone\"><a href=\"http:\/\/biopesca.org.br\/noticias\/wp-content\/uploads\/2023\/10\/1695064934844-1.jpg\"><img loading=\"lazy\" decoding=\"async\" aria-describedby=\"caption-attachment-1229\" class=\"size-thumbnail wp-image-1229\" src=\"http:\/\/biopesca.org.br\/noticias\/wp-content\/uploads\/2023\/10\/1695064934844-1-150x150.jpg\" alt=\"\" width=\"150\" height=\"150\" srcset=\"http:\/\/biopesca.org.br\/noticias\/wp-content\/uploads\/2023\/10\/1695064934844-1-150x150.jpg 150w, http:\/\/biopesca.org.br\/noticias\/wp-content\/uploads\/2023\/10\/1695064934844-1-500x500.jpg 500w, http:\/\/biopesca.org.br\/noticias\/wp-content\/uploads\/2023\/10\/1695064934844-1-400x400.jpg 400w, http:\/\/biopesca.org.br\/noticias\/wp-content\/uploads\/2023\/10\/1695064934844-1-200x200.jpg 200w, http:\/\/biopesca.org.br\/noticias\/wp-content\/uploads\/2023\/10\/1695064934844-1-60x60.jpg 60w\" sizes=\"auto, (max-width: 150px) 100vw, 150px\" \/><\/a><p id=\"caption-attachment-1229\" class=\"wp-caption-text\">Evento em Santos foi realizado na praia do Gonzaga<\/p><\/div>\n","protected":false},"excerpt":{"rendered":"<p>18\/09\/2023 O terceiro s\u00e1bado de setembro \u00e9 celebrado anualmente como o Dia Internacional de Limpeza de Praias, iniciativa que chama a aten\u00e7\u00e3o para a import\u00e2ncia da conserva\u00e7\u00e3o dos mares e oceanos. A exemplo de anos anteriores, o Instituto Biopesca participou de duas a\u00e7\u00f5es alusivas \u00e0 data. Uma delas foi realizada em parceria com a Prefeitura Municipal de Praia Grande e com o C\u00e2mpus do Litoral <span class=\"ellipsis\">&hellip;<\/span> <span class=\"more-link-wrap\"><a href=\"http:\/\/biopesca.org.br\/noticias\/presenca-nos-eventos-de-limpeza-de-praia\/\" class=\"more-link\"><span>Saiba mais &rarr;<\/span><\/a><\/span><\/p>\n","protected":false},"author":3,"featured_media":1229,"comment_status":"open","ping_status":"open","sticky":false,"template":"","format":"standard","meta":{"footnotes":""},"categories":[5],"tags":[],"class_list":["post-1226","post","type-post","status-publish","format-standard","has-post-thumbnail","hentry","category-noticia"],"_links":{"self":[{"href":"http:\/\/biopesca.org.br\/noticias\/wp-json\/wp\/v2\/posts\/1226","targetHints":{"allow":["GET"]}}],"collection":[{"href":"http:\/\/biopesca.org.br\/noticias\/wp-json\/wp\/v2\/posts"}],"about":[{"href":"http:\/\/biopesca.org.br\/noticias\/wp-json\/wp\/v2\/types\/post"}],"author":[{"embeddable":true,"href":"http:\/\/biopesca.org.br\/noticias\/wp-json\/wp\/v2\/users\/3"}],"replies":[{"embeddable":true,"href":"http:\/\/biopesca.org.br\/noticias\/wp-json\/wp\/v2\/comments?post=1226"}],"version-history":[{"count":1,"href":"http:\/\/biopesca.org.br\/noticias\/wp-json\/wp\/v2\/posts\/1226\/revisions"}],"predecessor-version":[{"id":1238,"href":"http:\/\/biopesca.org.br\/noticias\/wp-json\/wp\/v2\/posts\/1226\/revisions\/1238"}],"wp:featuredmedia":[{"embeddable":true,"href":"http:\/\/biopesca.org.br\/noticias\/wp-json\/wp\/v2\/media\/1229"}],"wp:attachment":[{"href":"http:\/\/biopesca.org.br\/noticias\/wp-json\/wp\/v2\/media?parent=1226"}],"wp:term":[{"taxonomy":"category","embeddable":true,"href":"http:\/\/biopesca.org.br\/noticias\/wp-json\/wp\/v2\/categories?post=1226"},{"taxonomy":"post_tag","embeddable":true,"href":"http:\/\/biopesca.org.br\/noticias\/wp-json\/wp\/v2\/tags?post=1226"}],"curies":[{"name":"wp","href":"https:\/\/api.w.org\/{rel}","templated":true}]}}