{"id":1216,"date":"2023-10-10T14:53:52","date_gmt":"2023-10-10T14:53:52","guid":{"rendered":"http:\/\/biopesca.org.br\/noticias\/?p=1216"},"modified":"2023-10-10T14:54:52","modified_gmt":"2023-10-10T14:54:52","slug":"tartarugas-marinhas-voltam-para-o-mar-depois-de-reabilitadas","status":"publish","type":"post","link":"http:\/\/biopesca.org.br\/noticias\/tartarugas-marinhas-voltam-para-o-mar-depois-de-reabilitadas\/","title":{"rendered":"Tartarugas marinhas voltam para o  mar depois de reabilitadas"},"content":{"rendered":"<p>25\/08\/2023<\/p>\n<p>Duas tartarugas-verdes (<em>Chelonia mydas<\/em>) foram reabilitadas depois de receberem cuidados veterin\u00e1rios no Instituto Biopesca. Ambas ficaram enroscadas em redes de pesca e foram encaminhadas para tratamento pelos pescadores que as resgataram. Uma delas precisou fazer uma transfus\u00e3o de sangue e tr\u00eas cirurgias para retirada de tumores causados por uma doen\u00e7a chamada fibropapilomatose. O Aqu\u00e1rio de Santos, parceiro do Instituto Biopesca, cedeu o sangue doado por uma de suas tartarugas e fez uma das cirurgias para a retirada dos tumores. Ap\u00f3s todos esses cuidados, ela come\u00e7ou a melhorar e a comer voluntariamente. J\u00e1 reabilitada, foi solta na praia do Canto do Forte, em Praia Grande, em 24 de agosto.<\/p>\n<p>A outra tartaruga-verde apresentava um quadro cl\u00ednico menos complexo e, quando ingressou para tratamento, tinha sintomas de afogamento, entre eles a rigidez muscular. Assim como sua companheira, recuperou-se em decorr\u00eancia do tratamento e voltou ao mar no dia 19 de setembro.<\/p>\n<div id=\"attachment_1218\" style=\"width: 160px\" class=\"wp-caption alignnone\"><a href=\"http:\/\/biopesca.org.br\/noticias\/wp-content\/uploads\/2023\/10\/WhatsApp-Image-2023-09-18-at-16.24.34-2.jpeg\"><img loading=\"lazy\" decoding=\"async\" aria-describedby=\"caption-attachment-1218\" class=\"size-thumbnail wp-image-1218\" src=\"http:\/\/biopesca.org.br\/noticias\/wp-content\/uploads\/2023\/10\/WhatsApp-Image-2023-09-18-at-16.24.34-2-150x150.jpeg\" alt=\"\" width=\"150\" height=\"150\" srcset=\"http:\/\/biopesca.org.br\/noticias\/wp-content\/uploads\/2023\/10\/WhatsApp-Image-2023-09-18-at-16.24.34-2-150x150.jpeg 150w, http:\/\/biopesca.org.br\/noticias\/wp-content\/uploads\/2023\/10\/WhatsApp-Image-2023-09-18-at-16.24.34-2-500x500.jpeg 500w, http:\/\/biopesca.org.br\/noticias\/wp-content\/uploads\/2023\/10\/WhatsApp-Image-2023-09-18-at-16.24.34-2-400x400.jpeg 400w, http:\/\/biopesca.org.br\/noticias\/wp-content\/uploads\/2023\/10\/WhatsApp-Image-2023-09-18-at-16.24.34-2-200x200.jpeg 200w, http:\/\/biopesca.org.br\/noticias\/wp-content\/uploads\/2023\/10\/WhatsApp-Image-2023-09-18-at-16.24.34-2-60x60.jpeg 60w\" sizes=\"auto, (max-width: 150px) 100vw, 150px\" \/><\/a><p id=\"caption-attachment-1218\" class=\"wp-caption-text\">Tartaruga-verde solta em setembro ainda em reabilita\u00e7\u00e3o no Instituto Biopesca<\/p><\/div>\n<div id=\"attachment_1219\" style=\"width: 160px\" class=\"wp-caption alignnone\"><a href=\"http:\/\/biopesca.org.br\/noticias\/wp-content\/uploads\/2023\/10\/Design-sem-nome-81.png\"><img loading=\"lazy\" decoding=\"async\" aria-describedby=\"caption-attachment-1219\" class=\"size-thumbnail wp-image-1219\" src=\"http:\/\/biopesca.org.br\/noticias\/wp-content\/uploads\/2023\/10\/Design-sem-nome-81-150x150.png\" alt=\"\" width=\"150\" height=\"150\" srcset=\"http:\/\/biopesca.org.br\/noticias\/wp-content\/uploads\/2023\/10\/Design-sem-nome-81-150x150.png 150w, http:\/\/biopesca.org.br\/noticias\/wp-content\/uploads\/2023\/10\/Design-sem-nome-81-300x300.png 300w, http:\/\/biopesca.org.br\/noticias\/wp-content\/uploads\/2023\/10\/Design-sem-nome-81-768x768.png 768w, http:\/\/biopesca.org.br\/noticias\/wp-content\/uploads\/2023\/10\/Design-sem-nome-81-1024x1024.png 1024w, http:\/\/biopesca.org.br\/noticias\/wp-content\/uploads\/2023\/10\/Design-sem-nome-81-500x500.png 500w, http:\/\/biopesca.org.br\/noticias\/wp-content\/uploads\/2023\/10\/Design-sem-nome-81-400x400.png 400w, http:\/\/biopesca.org.br\/noticias\/wp-content\/uploads\/2023\/10\/Design-sem-nome-81-200x200.png 200w, http:\/\/biopesca.org.br\/noticias\/wp-content\/uploads\/2023\/10\/Design-sem-nome-81-60x60.png 60w, http:\/\/biopesca.org.br\/noticias\/wp-content\/uploads\/2023\/10\/Design-sem-nome-81.png 1080w\" sizes=\"auto, (max-width: 150px) 100vw, 150px\" \/><\/a><p id=\"caption-attachment-1219\" class=\"wp-caption-text\">Ela foi liberada na praia do Canto do Forte, em Praia Grande<\/p><\/div>\n<div id=\"attachment_1220\" style=\"width: 160px\" class=\"wp-caption alignnone\"><a href=\"http:\/\/biopesca.org.br\/noticias\/wp-content\/uploads\/2023\/10\/Design-sem-nome-80.png\"><img loading=\"lazy\" decoding=\"async\" aria-describedby=\"caption-attachment-1220\" class=\"size-thumbnail wp-image-1220\" src=\"http:\/\/biopesca.org.br\/noticias\/wp-content\/uploads\/2023\/10\/Design-sem-nome-80-150x150.png\" alt=\"\" width=\"150\" height=\"150\" srcset=\"http:\/\/biopesca.org.br\/noticias\/wp-content\/uploads\/2023\/10\/Design-sem-nome-80-150x150.png 150w, http:\/\/biopesca.org.br\/noticias\/wp-content\/uploads\/2023\/10\/Design-sem-nome-80-300x300.png 300w, http:\/\/biopesca.org.br\/noticias\/wp-content\/uploads\/2023\/10\/Design-sem-nome-80-768x768.png 768w, http:\/\/biopesca.org.br\/noticias\/wp-content\/uploads\/2023\/10\/Design-sem-nome-80-1024x1024.png 1024w, http:\/\/biopesca.org.br\/noticias\/wp-content\/uploads\/2023\/10\/Design-sem-nome-80-500x500.png 500w, http:\/\/biopesca.org.br\/noticias\/wp-content\/uploads\/2023\/10\/Design-sem-nome-80-400x400.png 400w, http:\/\/biopesca.org.br\/noticias\/wp-content\/uploads\/2023\/10\/Design-sem-nome-80-200x200.png 200w, http:\/\/biopesca.org.br\/noticias\/wp-content\/uploads\/2023\/10\/Design-sem-nome-80-60x60.png 60w, http:\/\/biopesca.org.br\/noticias\/wp-content\/uploads\/2023\/10\/Design-sem-nome-80.png 1080w\" sizes=\"auto, (max-width: 150px) 100vw, 150px\" \/><\/a><p id=\"caption-attachment-1220\" class=\"wp-caption-text\">A outra tartaruga tamb\u00e9m foi solta no Canto do Forte<\/p><\/div>\n","protected":false},"excerpt":{"rendered":"<p>25\/08\/2023 Duas tartarugas-verdes (Chelonia mydas) foram reabilitadas depois de receberem cuidados veterin\u00e1rios no Instituto Biopesca. Ambas ficaram enroscadas em redes de pesca e foram encaminhadas para tratamento pelos pescadores que as resgataram. Uma delas precisou fazer uma transfus\u00e3o de sangue e tr\u00eas cirurgias para retirada de tumores causados por uma doen\u00e7a chamada fibropapilomatose. O Aqu\u00e1rio de Santos, parceiro do Instituto Biopesca, cedeu o sangue doado <span class=\"ellipsis\">&hellip;<\/span> <span class=\"more-link-wrap\"><a href=\"http:\/\/biopesca.org.br\/noticias\/tartarugas-marinhas-voltam-para-o-mar-depois-de-reabilitadas\/\" class=\"more-link\"><span>Saiba mais &rarr;<\/span><\/a><\/span><\/p>\n","protected":false},"author":3,"featured_media":1218,"comment_status":"open","ping_status":"open","sticky":false,"template":"","format":"standard","meta":{"footnotes":""},"categories":[5],"tags":[],"class_list":["post-1216","post","type-post","status-publish","format-standard","has-post-thumbnail","hentry","category-noticia"],"_links":{"self":[{"href":"http:\/\/biopesca.org.br\/noticias\/wp-json\/wp\/v2\/posts\/1216","targetHints":{"allow":["GET"]}}],"collection":[{"href":"http:\/\/biopesca.org.br\/noticias\/wp-json\/wp\/v2\/posts"}],"about":[{"href":"http:\/\/biopesca.org.br\/noticias\/wp-json\/wp\/v2\/types\/post"}],"author":[{"embeddable":true,"href":"http:\/\/biopesca.org.br\/noticias\/wp-json\/wp\/v2\/users\/3"}],"replies":[{"embeddable":true,"href":"http:\/\/biopesca.org.br\/noticias\/wp-json\/wp\/v2\/comments?post=1216"}],"version-history":[{"count":3,"href":"http:\/\/biopesca.org.br\/noticias\/wp-json\/wp\/v2\/posts\/1216\/revisions"}],"predecessor-version":[{"id":1222,"href":"http:\/\/biopesca.org.br\/noticias\/wp-json\/wp\/v2\/posts\/1216\/revisions\/1222"}],"wp:featuredmedia":[{"embeddable":true,"href":"http:\/\/biopesca.org.br\/noticias\/wp-json\/wp\/v2\/media\/1218"}],"wp:attachment":[{"href":"http:\/\/biopesca.org.br\/noticias\/wp-json\/wp\/v2\/media?parent=1216"}],"wp:term":[{"taxonomy":"category","embeddable":true,"href":"http:\/\/biopesca.org.br\/noticias\/wp-json\/wp\/v2\/categories?post=1216"},{"taxonomy":"post_tag","embeddable":true,"href":"http:\/\/biopesca.org.br\/noticias\/wp-json\/wp\/v2\/tags?post=1216"}],"curies":[{"name":"wp","href":"https:\/\/api.w.org\/{rel}","templated":true}]}}