{"id":1086,"date":"2022-06-29T14:38:03","date_gmt":"2022-06-29T14:38:03","guid":{"rendered":"http:\/\/biopesca.org.br\/noticias\/?p=1086"},"modified":"2022-06-29T14:43:44","modified_gmt":"2022-06-29T14:43:44","slug":"ibp-participa-de-evento-do-dia-da-agua","status":"publish","type":"post","link":"http:\/\/biopesca.org.br\/noticias\/ibp-participa-de-evento-do-dia-da-agua\/","title":{"rendered":"IBP participa de evento do Dia da \u00c1gua"},"content":{"rendered":"<p>22\/03\/2022<\/p>\n<p>A equipe de Educa\u00e7\u00e3o Ambiental do Instituto Biopesca esteve presente em a\u00e7\u00e3o realizada pelo Departamento de Educa\u00e7\u00e3o Ambiental da Prefeitura de Praia Grande, realizado no dia 21 de mar\u00e7o na \u00c1rea de Lazer \u00c9zio Dall\u2019Acqua, o Portinho. Os monitores do IBP montaram a exposi\u00e7\u00e3o da entidade, com banners informativos e material biol\u00f3gico, e receberam estudantes de quatro escolas de ensino fundamental de Praia Grande. O evento fez parte de programa\u00e7\u00e3o alusiva \u00e0 Semana da \u00c1gua, realizada em comemora\u00e7\u00e3o do Dia Mundial da \u00c1gua, celebrado em 22 de mar\u00e7o.<\/p>\n<p>O objetivo foi sensibilizar os jovens a respeito da import\u00e2ncia da preserva\u00e7\u00e3o ambiental. Os monitores do IBP enfatizaram as consequ\u00eancias do descarte incorreto do lixo no mar, rios e lagos, problema que impacta os seres humanos e tamb\u00e9m os animais que vivem nesses ecossistemas.<\/p>\n","protected":false},"excerpt":{"rendered":"<p>22\/03\/2022 A equipe de Educa\u00e7\u00e3o Ambiental do Instituto Biopesca esteve presente em a\u00e7\u00e3o realizada pelo Departamento de Educa\u00e7\u00e3o Ambiental da Prefeitura de Praia Grande, realizado no dia 21 de mar\u00e7o na \u00c1rea de Lazer \u00c9zio Dall\u2019Acqua, o Portinho. Os monitores do IBP montaram a exposi\u00e7\u00e3o da entidade, com banners informativos e material biol\u00f3gico, e receberam estudantes de quatro escolas de ensino fundamental de Praia Grande. <span class=\"ellipsis\">&hellip;<\/span> <span class=\"more-link-wrap\"><a href=\"http:\/\/biopesca.org.br\/noticias\/ibp-participa-de-evento-do-dia-da-agua\/\" class=\"more-link\"><span>Saiba mais &rarr;<\/span><\/a><\/span><\/p>\n","protected":false},"author":3,"featured_media":1087,"comment_status":"open","ping_status":"open","sticky":false,"template":"","format":"standard","meta":{"footnotes":""},"categories":[5],"tags":[],"class_list":["post-1086","post","type-post","status-publish","format-standard","has-post-thumbnail","hentry","category-noticia"],"_links":{"self":[{"href":"http:\/\/biopesca.org.br\/noticias\/wp-json\/wp\/v2\/posts\/1086","targetHints":{"allow":["GET"]}}],"collection":[{"href":"http:\/\/biopesca.org.br\/noticias\/wp-json\/wp\/v2\/posts"}],"about":[{"href":"http:\/\/biopesca.org.br\/noticias\/wp-json\/wp\/v2\/types\/post"}],"author":[{"embeddable":true,"href":"http:\/\/biopesca.org.br\/noticias\/wp-json\/wp\/v2\/users\/3"}],"replies":[{"embeddable":true,"href":"http:\/\/biopesca.org.br\/noticias\/wp-json\/wp\/v2\/comments?post=1086"}],"version-history":[{"count":2,"href":"http:\/\/biopesca.org.br\/noticias\/wp-json\/wp\/v2\/posts\/1086\/revisions"}],"predecessor-version":[{"id":1092,"href":"http:\/\/biopesca.org.br\/noticias\/wp-json\/wp\/v2\/posts\/1086\/revisions\/1092"}],"wp:featuredmedia":[{"embeddable":true,"href":"http:\/\/biopesca.org.br\/noticias\/wp-json\/wp\/v2\/media\/1087"}],"wp:attachment":[{"href":"http:\/\/biopesca.org.br\/noticias\/wp-json\/wp\/v2\/media?parent=1086"}],"wp:term":[{"taxonomy":"category","embeddable":true,"href":"http:\/\/biopesca.org.br\/noticias\/wp-json\/wp\/v2\/categories?post=1086"},{"taxonomy":"post_tag","embeddable":true,"href":"http:\/\/biopesca.org.br\/noticias\/wp-json\/wp\/v2\/tags?post=1086"}],"curies":[{"name":"wp","href":"https:\/\/api.w.org\/{rel}","templated":true}]}}