{"id":1036,"date":"2021-06-22T15:46:53","date_gmt":"2021-06-22T15:46:53","guid":{"rendered":"http:\/\/biopesca.org.br\/noticias\/?p=1036"},"modified":"2021-06-22T15:46:53","modified_gmt":"2021-06-22T15:46:53","slug":"ibp-resgata-tamandua-em-praia-grande","status":"publish","type":"post","link":"http:\/\/biopesca.org.br\/noticias\/ibp-resgata-tamandua-em-praia-grande\/","title":{"rendered":"IBP resgata tamandu\u00e1 em Praia Grande"},"content":{"rendered":"<p>31\/05\/2021<\/p>\n<p>Um tamandu\u00e1-mirim foi resgatado pela equipe do Instituto Biopesca em opera\u00e7\u00e3o conjunta com o Corpo de Bombeiros em Praia Grande (SP) no \u00faltimo domingo (30\/05). Ele se refugiou em um estabelecimento comercial na avenida Marechal Mallet, escondendo-se em uma calha, no teto. Foi encaminhado \u00e0 sede do Instituto Biopesca para receber os primeiros cuidados veterin\u00e1rios e, depois dos exames iniciais, foi constatado que seu quadro cl\u00ednico geral estava bom, embora apresentasse algumas les\u00f5es e uma pequena fratura. O animal foi levado \u00e0 Aiuk\u00e1 Consultoria em Solu\u00e7\u00f5es Ambientais para ser reabilitado.<\/p>\n<p>\u201c\u00c9 cada vez mais comum a presen\u00e7a de animais silvestres em ambientes urbanos\u201d, comenta o m\u00e9dico veterin\u00e1rio Rodrigo Valle, coordenador geral do Instituto Biopesca. De acordo com ele, um dos fatores para isso \u00e9 o impacto das a\u00e7\u00f5es humanas, como o desmatamento do habitat desses animais, obrigando-os a buscar comida em outros locais.<\/p>\n","protected":false},"excerpt":{"rendered":"<p>31\/05\/2021 Um tamandu\u00e1-mirim foi resgatado pela equipe do Instituto Biopesca em opera\u00e7\u00e3o conjunta com o Corpo de Bombeiros em Praia Grande (SP) no \u00faltimo domingo (30\/05). Ele se refugiou em um estabelecimento comercial na avenida Marechal Mallet, escondendo-se em uma calha, no teto. Foi encaminhado \u00e0 sede do Instituto Biopesca para receber os primeiros cuidados veterin\u00e1rios e, depois dos exames iniciais, foi constatado que seu <span class=\"ellipsis\">&hellip;<\/span> <span class=\"more-link-wrap\"><a href=\"http:\/\/biopesca.org.br\/noticias\/ibp-resgata-tamandua-em-praia-grande\/\" class=\"more-link\"><span>Saiba mais &rarr;<\/span><\/a><\/span><\/p>\n","protected":false},"author":3,"featured_media":1037,"comment_status":"open","ping_status":"open","sticky":false,"template":"","format":"standard","meta":{"footnotes":""},"categories":[5],"tags":[],"class_list":["post-1036","post","type-post","status-publish","format-standard","has-post-thumbnail","hentry","category-noticia"],"_links":{"self":[{"href":"http:\/\/biopesca.org.br\/noticias\/wp-json\/wp\/v2\/posts\/1036","targetHints":{"allow":["GET"]}}],"collection":[{"href":"http:\/\/biopesca.org.br\/noticias\/wp-json\/wp\/v2\/posts"}],"about":[{"href":"http:\/\/biopesca.org.br\/noticias\/wp-json\/wp\/v2\/types\/post"}],"author":[{"embeddable":true,"href":"http:\/\/biopesca.org.br\/noticias\/wp-json\/wp\/v2\/users\/3"}],"replies":[{"embeddable":true,"href":"http:\/\/biopesca.org.br\/noticias\/wp-json\/wp\/v2\/comments?post=1036"}],"version-history":[{"count":1,"href":"http:\/\/biopesca.org.br\/noticias\/wp-json\/wp\/v2\/posts\/1036\/revisions"}],"predecessor-version":[{"id":1038,"href":"http:\/\/biopesca.org.br\/noticias\/wp-json\/wp\/v2\/posts\/1036\/revisions\/1038"}],"wp:featuredmedia":[{"embeddable":true,"href":"http:\/\/biopesca.org.br\/noticias\/wp-json\/wp\/v2\/media\/1037"}],"wp:attachment":[{"href":"http:\/\/biopesca.org.br\/noticias\/wp-json\/wp\/v2\/media?parent=1036"}],"wp:term":[{"taxonomy":"category","embeddable":true,"href":"http:\/\/biopesca.org.br\/noticias\/wp-json\/wp\/v2\/categories?post=1036"},{"taxonomy":"post_tag","embeddable":true,"href":"http:\/\/biopesca.org.br\/noticias\/wp-json\/wp\/v2\/tags?post=1036"}],"curies":[{"name":"wp","href":"https:\/\/api.w.org\/{rel}","templated":true}]}}